{"id":2011,"date":"2022-09-19T10:17:53","date_gmt":"2022-09-19T08:17:53","guid":{"rendered":"http:\/\/zszil.pl\/?p=2011"},"modified":"2022-09-19T10:17:54","modified_gmt":"2022-09-19T08:17:54","slug":"tydzien-dla-profilaktyki-chorob-zakaznych","status":"publish","type":"post","link":"https:\/\/zszil.pl\/index.php\/2022\/09\/19\/tydzien-dla-profilaktyki-chorob-zakaznych\/","title":{"rendered":"Tydzie\u0144 dla profilaktyki chor\u00f3b zaka\u017anych"},"content":{"rendered":"\n<p>U\u015bwiadomienie potrzeby dbania o w\u0142asne zdrowie oraz kszta\u0142towanie umiej\u0119tno\u015bci niezb\u0119dnych do jego ochrony stanowi wa\u017cny cel edukacji zdrowotnej. Intensywny rozw\u00f3j zagro\u017ce\u0144 cywilizacyjnych sk\u0142ania Nas do podejmowania bardziej aktywnych metod jej prowadzenia. Wiedza o zdrowiu to pierwszy krok do \u015bwiadomej i trwa\u0142ej zmiany postaw, w tym higieniczno-sanitarnych. W Naszej szkole w dniach 12 &#8211; 16 wrze\u015bnia\u00a0 odby\u0142 si\u0119 &#8222;Tydzie\u0144 dla profilaktyki chor\u00f3b zaka\u017anych&#8221;. By\u0142 on okazj\u0105, aby w przyjaznej atmosferze i ciekawej formie przeprowadzi\u0107 lokaln\u0105 kampani\u0119 propaguj\u0105c\u0105 korzy\u015bci dotycz\u0105ce zdrowia i wczesnej profilaktyki, a tak\u017ce w\u0142a\u015bciwe zachowania zdrowotne. Akcja mia\u0142a na celu wykluczy\u0107\u00a0 obiegowe i niesprawdzone opinie, mity internetowe lub wyniki pseudobada\u0144\u00a0 i przekaza\u0107 wiarygodne materia\u0142y edukacyjne o zdrowiu. Formu\u0142a kampanii w G\u00f3rniku przybra\u0142a r\u00f3\u017cne formy. Przez ca\u0142y tydzie\u0144 wychowawcy wszystkich klas na swoich lekcjach wychowawczych prowadzili zaj\u0119cia profilaktyczne wykorzystuj\u0105c otrzymane materia\u0142y i scenariusze. Szko\u0142a zosta\u0142a rozplakatowana i wykorzystane zosta\u0142y r\u00f3wnie\u017c ulotki z tre\u015bciami dotycz\u0105cymi kampanii. Do wsp\u00f3lnych dzia\u0142a\u0144 szko\u0142y do\u0142\u0105czyli przedstawiciele Pa\u0144stwowej Stacji Sanitarno-Epidemiologicznej w Zgorzelcu przeprowadzaj\u0105c przez dwa dni z wybranymi klasami pogadanki tematyczne z prezentacjami multimedialnymi. W ostatnim dniu ko\u0144cz\u0105cym tydzie\u0144 akcji kolejne klasy podczas trzech seans\u00f3w filmowych mia\u0142y wy\u015bwietlany materia\u0142 filmowy o szczepieniach. Podobne akcje odbywa\u0142y si\u0119 w innych polskich szko\u0142ach, gdy\u017c inicjatorem przedsi\u0119wzi\u0119cia by\u0142o Ministerstwo Edukacji i Nauki oraz Pa\u0144stwowy Inspektorat Sanitarny. <\/p>\n\n\n\n<figure class=\"wp-block-gallery columns-1 is-cropped wp-block-gallery-1 is-layout-flex wp-block-gallery-is-layout-flex\"><ul class=\"blocks-gallery-grid\"><li class=\"blocks-gallery-item\"><figure><img loading=\"lazy\" decoding=\"async\" width=\"1600\" height=\"765\" src=\"https:\/\/zszil.pl\/wp-content\/uploads\/2022\/09\/15-wrzesnia-Zdjecie-nr-21.jpeg\" alt=\"\" data-id=\"2012\" data-link=\"https:\/\/zszil.pl\/?attachment_id=2012\" class=\"wp-image-2012\"\/><\/figure><\/li><\/ul><\/figure>\n\n\n\n<h2 class=\"wp-block-heading\"><\/h2>\n\n\n\n<figure class=\"wp-block-gallery columns-1 is-cropped wp-block-gallery-2 is-layout-flex wp-block-gallery-is-layout-flex\"><ul class=\"blocks-gallery-grid\"><li class=\"blocks-gallery-item\"><figure><img loading=\"lazy\" decoding=\"async\" width=\"2000\" height=\"1124\" src=\"https:\/\/zszil.pl\/wp-content\/uploads\/2022\/09\/1663334618803.jpg\" alt=\"\" data-id=\"2013\" data-link=\"https:\/\/zszil.pl\/?attachment_id=2013\" class=\"wp-image-2013\"\/><\/figure><\/li><\/ul><\/figure>\n","protected":false},"excerpt":{"rendered":"<p>U\u015bwiadomienie potrzeby dbania o w\u0142asne zdrowie oraz kszta\u0142towanie umiej\u0119tno\u015bci niezb\u0119dnych do jego ochrony stanowi wa\u017cny cel edukacji zdrowotnej. Intensywny rozw\u00f3j zagro\u017ce\u0144 cywilizacyjnych sk\u0142ania Nas do podejmowania bardziej aktywnych metod jej prowadzenia. Wiedza o zdrowiu to pierwszy krok do \u015bwiadomej i&hellip; <a class=\"continue\" href=\"https:\/\/zszil.pl\/index.php\/2022\/09\/19\/tydzien-dla-profilaktyki-chorob-zakaznych\/\">Continue Reading<span> Tydzie\u0144 dla profilaktyki chor\u00f3b zaka\u017anych<\/span><\/a><\/p>\n","protected":false},"author":2,"featured_media":2014,"comment_status":"closed","ping_status":"open","sticky":false,"template":"","format":"standard","meta":{"footnotes":""},"categories":[1],"tags":[],"class_list":["post-2011","post","type-post","status-publish","format-standard","has-post-thumbnail","hentry","category-bez-kategorii"],"_links":{"self":[{"href":"https:\/\/zszil.pl\/index.php\/wp-json\/wp\/v2\/posts\/2011","targetHints":{"allow":["GET"]}}],"collection":[{"href":"https:\/\/zszil.pl\/index.php\/wp-json\/wp\/v2\/posts"}],"about":[{"href":"https:\/\/zszil.pl\/index.php\/wp-json\/wp\/v2\/types\/post"}],"author":[{"embeddable":true,"href":"https:\/\/zszil.pl\/index.php\/wp-json\/wp\/v2\/users\/2"}],"replies":[{"embeddable":true,"href":"https:\/\/zszil.pl\/index.php\/wp-json\/wp\/v2\/comments?post=2011"}],"version-history":[{"count":1,"href":"https:\/\/zszil.pl\/index.php\/wp-json\/wp\/v2\/posts\/2011\/revisions"}],"predecessor-version":[{"id":2015,"href":"https:\/\/zszil.pl\/index.php\/wp-json\/wp\/v2\/posts\/2011\/revisions\/2015"}],"wp:featuredmedia":[{"embeddable":true,"href":"https:\/\/zszil.pl\/index.php\/wp-json\/wp\/v2\/media\/2014"}],"wp:attachment":[{"href":"https:\/\/zszil.pl\/index.php\/wp-json\/wp\/v2\/media?parent=2011"}],"wp:term":[{"taxonomy":"category","embeddable":true,"href":"https:\/\/zszil.pl\/index.php\/wp-json\/wp\/v2\/categories?post=2011"},{"taxonomy":"post_tag","embeddable":true,"href":"https:\/\/zszil.pl\/index.php\/wp-json\/wp\/v2\/tags?post=2011"}],"curies":[{"name":"wp","href":"https:\/\/api.w.org\/{rel}","templated":true}]}}