{"id":2018,"date":"2022-09-22T11:13:12","date_gmt":"2022-09-22T09:13:12","guid":{"rendered":"http:\/\/zszil.pl\/?p=2018"},"modified":"2022-09-22T11:13:13","modified_gmt":"2022-09-22T09:13:13","slug":"marsz-pamieci-z-okazji-dnia-sybiraka","status":"publish","type":"post","link":"https:\/\/zszil.pl\/index.php\/2022\/09\/22\/marsz-pamieci-z-okazji-dnia-sybiraka\/","title":{"rendered":"Marsz Pami\u0119ci z okazji \u201eDnia Sybiraka\u201d"},"content":{"rendered":"\n<p>Zwi\u0105zek Sybirak\u00f3w w Zgorzelcu wraz ze Szko\u0142\u0105 Podstawow\u0105 im. Sybirak\u00f3w w Jerzmankach po raz XI zorganizowali Marsz Pami\u0119ci z okazji \u201eDnia Sybiraka\u201d. Marsz i uroczysto\u015bci towarzysz\u0105ce odby\u0142y si\u0119 w dniu 16.09.2022r. Wszystko zacz\u0119\u0142o si\u0119 w Jerzmankach, a sko\u0144czy\u0142o na cmentarzu w Zgorzelcu. Uczniowie z klasy 4z tradycyjnie zabezpieczali pod wzgl\u0119dem pierwszej pomocy przemarsz uczestnik\u00f3w i obchody przed Pomnikiem Sybirak\u00f3w na samym cmentarzu.<\/p>\n\n\n\n<figure class=\"wp-block-image size-full\"><img loading=\"lazy\" decoding=\"async\" width=\"1000\" height=\"1333\" src=\"https:\/\/zszil.pl\/wp-content\/uploads\/2022\/09\/IMG_20220916_110045.jpg\" alt=\"\" class=\"wp-image-2019\"\/><\/figure>\n\n\n\n<figure class=\"wp-block-image size-full\"><img loading=\"lazy\" decoding=\"async\" width=\"1000\" height=\"1333\" src=\"https:\/\/zszil.pl\/wp-content\/uploads\/2022\/09\/IMG_20220916_111927.jpg\" alt=\"\" class=\"wp-image-2020\"\/><\/figure>\n\n\n\n<figure class=\"wp-block-image size-full\"><img loading=\"lazy\" decoding=\"async\" width=\"1000\" height=\"1333\" src=\"https:\/\/zszil.pl\/wp-content\/uploads\/2022\/09\/IMG_20220916_112054.jpg\" alt=\"\" class=\"wp-image-2021\"\/><\/figure>\n","protected":false},"excerpt":{"rendered":"<p>Zwi\u0105zek Sybirak\u00f3w w Zgorzelcu wraz ze Szko\u0142\u0105 Podstawow\u0105 im. Sybirak\u00f3w w Jerzmankach po raz XI zorganizowali Marsz Pami\u0119ci z okazji \u201eDnia Sybiraka\u201d. Marsz i uroczysto\u015bci towarzysz\u0105ce odby\u0142y si\u0119 w dniu 16.09.2022r. Wszystko zacz\u0119\u0142o si\u0119 w Jerzmankach, a sko\u0144czy\u0142o na cmentarzu&hellip; <a class=\"continue\" href=\"https:\/\/zszil.pl\/index.php\/2022\/09\/22\/marsz-pamieci-z-okazji-dnia-sybiraka\/\">Continue Reading<span> Marsz Pami\u0119ci z okazji \u201eDnia Sybiraka\u201d<\/span><\/a><\/p>\n","protected":false},"author":2,"featured_media":2022,"comment_status":"closed","ping_status":"open","sticky":false,"template":"","format":"standard","meta":{"footnotes":""},"categories":[1],"tags":[],"class_list":["post-2018","post","type-post","status-publish","format-standard","has-post-thumbnail","hentry","category-bez-kategorii"],"_links":{"self":[{"href":"https:\/\/zszil.pl\/index.php\/wp-json\/wp\/v2\/posts\/2018","targetHints":{"allow":["GET"]}}],"collection":[{"href":"https:\/\/zszil.pl\/index.php\/wp-json\/wp\/v2\/posts"}],"about":[{"href":"https:\/\/zszil.pl\/index.php\/wp-json\/wp\/v2\/types\/post"}],"author":[{"embeddable":true,"href":"https:\/\/zszil.pl\/index.php\/wp-json\/wp\/v2\/users\/2"}],"replies":[{"embeddable":true,"href":"https:\/\/zszil.pl\/index.php\/wp-json\/wp\/v2\/comments?post=2018"}],"version-history":[{"count":1,"href":"https:\/\/zszil.pl\/index.php\/wp-json\/wp\/v2\/posts\/2018\/revisions"}],"predecessor-version":[{"id":2023,"href":"https:\/\/zszil.pl\/index.php\/wp-json\/wp\/v2\/posts\/2018\/revisions\/2023"}],"wp:featuredmedia":[{"embeddable":true,"href":"https:\/\/zszil.pl\/index.php\/wp-json\/wp\/v2\/media\/2022"}],"wp:attachment":[{"href":"https:\/\/zszil.pl\/index.php\/wp-json\/wp\/v2\/media?parent=2018"}],"wp:term":[{"taxonomy":"category","embeddable":true,"href":"https:\/\/zszil.pl\/index.php\/wp-json\/wp\/v2\/categories?post=2018"},{"taxonomy":"post_tag","embeddable":true,"href":"https:\/\/zszil.pl\/index.php\/wp-json\/wp\/v2\/tags?post=2018"}],"curies":[{"name":"wp","href":"https:\/\/api.w.org\/{rel}","templated":true}]}}