{"id":2053,"date":"2022-09-28T12:43:49","date_gmt":"2022-09-28T10:43:49","guid":{"rendered":"http:\/\/zszil.pl\/?p=2053"},"modified":"2022-09-28T14:34:21","modified_gmt":"2022-09-28T12:34:21","slug":"final-akcji-sprzatanie-swiata","status":"publish","type":"post","link":"https:\/\/zszil.pl\/index.php\/2022\/09\/28\/final-akcji-sprzatanie-swiata\/","title":{"rendered":"Fina\u0142 Akcji Sprz\u0105tanie \u015bwiata"},"content":{"rendered":"\n<p>Udana lekcja historii w plenerze i satysfakcja z przeprowadzonej akcji. W pi\u0105tek 23 wrze\u015bnia 2022 r. Stowarzyszenie DOM KO\u0141ODZIEJA by\u0142o inicjatorem akcji sprz\u0105tania Lasku Malinowego i warsztatu historycznego &#8222;Dulag 1939&#8221;. Zaj\u0119cia terenowe poprowadzi\u0142 \u0141ukasz Melski z Instytutu Archeologii Uniwersytetu Wroc\u0142awskiego. Uczniowie klasy 3s, 4st oraz 4sk wraz z opiekunami porz\u0105dkowali\u00a0przestrze\u0144 le\u015bn\u0105, na terenie kt\u00f3rej znajdowa\u0142 si\u0119 pierwotnie ob\u00f3z &#8222;przej\u015bciowy&#8221; Stalagu VIII A. DULAG 1939 by\u0142 miejscem przetrzymywania polskich je\u0144c\u00f3w z Kampanii wrze\u015bniowej.\u00a0Na mocy porozumienia o wsp\u00f3\u0142pracy\u00a0pomi\u0119dzy\u00a0Stowarzyszeniem i Uniwersytetem Wroc\u0142awskim Wydzia\u0142em\u00a0Nauk Historycznych i Pedagogicznych od kilku miesi\u0119cy na terenie lasku trwaj\u0105 prace archeologiczne. Niestety z uwagi na zanieczyszczenie przestrzeni badania te by\u0142y znacznie utrudnione .<br>Dzi\u0119kujemy wszystkim uczestnikom za udan\u0105 akcj\u0119.<\/p>\n\n\n\n<figure class=\"wp-block-image size-full\"><img loading=\"lazy\" decoding=\"async\" width=\"1000\" height=\"750\" src=\"https:\/\/zszil.pl\/wp-content\/uploads\/2022\/09\/4253D9BD-C228-466F-BE9E-19851D768D48.jpeg\" alt=\"\" class=\"wp-image-2055\"\/><\/figure>\n\n\n\n<figure class=\"wp-block-image size-full\"><img loading=\"lazy\" decoding=\"async\" width=\"1000\" height=\"750\" src=\"https:\/\/zszil.pl\/wp-content\/uploads\/2022\/09\/4253D9BD-C228-466F-BE9E-19851D768D48.jpg\" alt=\"\" class=\"wp-image-2056\"\/><\/figure>\n\n\n\n<figure class=\"wp-block-image size-full\"><img loading=\"lazy\" decoding=\"async\" width=\"1000\" height=\"750\" src=\"https:\/\/zszil.pl\/wp-content\/uploads\/2022\/09\/37529999-BA3E-4132-B381-1C05B0E3DF5C.jpeg\" alt=\"\" class=\"wp-image-2057\"\/><\/figure>\n\n\n\n<figure class=\"wp-block-image size-full\"><img loading=\"lazy\" decoding=\"async\" width=\"1000\" height=\"750\" src=\"https:\/\/zszil.pl\/wp-content\/uploads\/2022\/09\/ABF70C7A-F9FB-478B-99C1-B34E186EDCE0.jpeg\" alt=\"\" class=\"wp-image-2058\"\/><\/figure>\n\n\n\n<figure class=\"wp-block-image size-full\"><img loading=\"lazy\" decoding=\"async\" width=\"1000\" height=\"750\" src=\"https:\/\/zszil.pl\/wp-content\/uploads\/2022\/09\/C2180C4D-3320-4932-A216-85131721C269.jpeg\" alt=\"\" class=\"wp-image-2059\"\/><\/figure>\n\n\n\n<figure class=\"wp-block-image size-full\"><img loading=\"lazy\" decoding=\"async\" width=\"1000\" height=\"750\" src=\"https:\/\/zszil.pl\/wp-content\/uploads\/2022\/09\/FA8275FF-61E0-4BFB-8A18-37588A5983BF.jpeg\" alt=\"\" class=\"wp-image-2060\"\/><\/figure>\n","protected":false},"excerpt":{"rendered":"<p>Udana lekcja historii w plenerze i satysfakcja z przeprowadzonej akcji. W pi\u0105tek 23 wrze\u015bnia 2022 r. Stowarzyszenie DOM KO\u0141ODZIEJA by\u0142o inicjatorem akcji sprz\u0105tania Lasku Malinowego i warsztatu historycznego &#8222;Dulag 1939&#8221;. Zaj\u0119cia terenowe poprowadzi\u0142 \u0141ukasz Melski z Instytutu Archeologii Uniwersytetu Wroc\u0142awskiego.&hellip; <a class=\"continue\" href=\"https:\/\/zszil.pl\/index.php\/2022\/09\/28\/final-akcji-sprzatanie-swiata\/\">Continue Reading<span> Fina\u0142 Akcji Sprz\u0105tanie \u015bwiata<\/span><\/a><\/p>\n","protected":false},"author":2,"featured_media":2025,"comment_status":"closed","ping_status":"open","sticky":false,"template":"","format":"standard","meta":{"footnotes":""},"categories":[1],"tags":[],"class_list":["post-2053","post","type-post","status-publish","format-standard","has-post-thumbnail","hentry","category-bez-kategorii"],"_links":{"self":[{"href":"https:\/\/zszil.pl\/index.php\/wp-json\/wp\/v2\/posts\/2053","targetHints":{"allow":["GET"]}}],"collection":[{"href":"https:\/\/zszil.pl\/index.php\/wp-json\/wp\/v2\/posts"}],"about":[{"href":"https:\/\/zszil.pl\/index.php\/wp-json\/wp\/v2\/types\/post"}],"author":[{"embeddable":true,"href":"https:\/\/zszil.pl\/index.php\/wp-json\/wp\/v2\/users\/2"}],"replies":[{"embeddable":true,"href":"https:\/\/zszil.pl\/index.php\/wp-json\/wp\/v2\/comments?post=2053"}],"version-history":[{"count":2,"href":"https:\/\/zszil.pl\/index.php\/wp-json\/wp\/v2\/posts\/2053\/revisions"}],"predecessor-version":[{"id":2061,"href":"https:\/\/zszil.pl\/index.php\/wp-json\/wp\/v2\/posts\/2053\/revisions\/2061"}],"wp:featuredmedia":[{"embeddable":true,"href":"https:\/\/zszil.pl\/index.php\/wp-json\/wp\/v2\/media\/2025"}],"wp:attachment":[{"href":"https:\/\/zszil.pl\/index.php\/wp-json\/wp\/v2\/media?parent=2053"}],"wp:term":[{"taxonomy":"category","embeddable":true,"href":"https:\/\/zszil.pl\/index.php\/wp-json\/wp\/v2\/categories?post=2053"},{"taxonomy":"post_tag","embeddable":true,"href":"https:\/\/zszil.pl\/index.php\/wp-json\/wp\/v2\/tags?post=2053"}],"curies":[{"name":"wp","href":"https:\/\/api.w.org\/{rel}","templated":true}]}}