{"id":361,"date":"2021-10-28T18:16:37","date_gmt":"2021-10-28T16:16:37","guid":{"rendered":"http:\/\/zszil.pl\/wwwnowev2\/?p=361"},"modified":"2021-11-19T10:04:24","modified_gmt":"2021-11-19T09:04:24","slug":"dzien-patronow-szkoly","status":"publish","type":"post","link":"https:\/\/zszil.pl\/index.php\/2021\/10\/28\/dzien-patronow-szkoly\/","title":{"rendered":"Dzie\u0144 Patron\u00f3w Szko\u0142y"},"content":{"rendered":"\n<center>27 pa\u017adziernika 2021 r. obchodzili\u015bmy Dzie\u0144 Patron\u00f3w Szko\u0142y, czyli G\u00f3rnik\u00f3w i Energetyk\u00f3w Turowa. Uroczysto\u015b\u0107 odby\u0142a si\u0119 z udzia\u0142em zaproszonych go\u015bci: przedstawicieli Starostwa Powiatowego w Zgorzelcu, przedstawicieli Kopalni i Elektrowni z Turowa oraz przedstawicieli jednostek o\u015bwiatowych naszego powiatu. Pierwsza cz\u0119\u015b\u0107 wydarzenia mia\u0142a charakter artystyczny, a Pan Marian Krzywonos przybli\u017cy\u0142 nam histori\u0119 szko\u0142y. Swoje przem\u00f3wienie wyg\u0142osi\u0142a Pani Dyrektor Marta Topolnicka, kt\u00f3ra podkre\u015bli\u0142a, \u017ce ta uroczysto\u015b\u0107 to wspania\u0142a okazja i pretekst do spotka\u0144 i wspomnie\u0144 przede wszystkim dla tych, dla kt\u00f3rych ZSZiL to szko\u0142a nie tylko jedna spo\u015br\u00f3d innych, ale ta jedyna i wyj\u0105tkowa, bo szko\u0142a wielu pokole\u0144. Swoje przem\u00f3wienia wyg\u0142osili r\u00f3wnie\u017c przedstawiciele poszczeg\u00f3lnych instytucji. Punktem kulminacyjnym by\u0142o jednak posadzenie dw\u00f3ch d\u0119b\u00f3w, kt\u00f3re na d\u0142ugie lata stan\u0105 si\u0119 \u017cywym \u015bwiadectwem tej\u017ce uroczysto\u015bci. Drzewa nie b\u0119d\u0105 anonimowe, otrzyma\u0142y bowiem imiona na cze\u015b\u0107 swoich patron\u00f3w &#8211; D\u0105b-G\u00f3rnik i D\u0105b-Energetyk. \n\n<img decoding=\"async\" src=\"https:\/\/zszil.pl\/images\/news\/dzienpatrona1.JPG\" style=\"margin:5px\" alt=\"\" align=\"\">\n<img decoding=\"async\" src=\"https:\/\/zszil.pl\/images\/news\/dzienpatrona2.JPG\" style=\"margin:5px\" alt=\"\" align=\"\">\n<img decoding=\"async\" src=\"https:\/\/zszil.pl\/images\/news\/dzienpatrona3.JPG\" style=\"margin:5px\" alt=\"\" align=\"\">\n<img decoding=\"async\" src=\"https:\/\/zszil.pl\/images\/news\/dzienpatrona4.JPG\" style=\"margin:5px\" alt=\"\" align=\"\">\n<img decoding=\"async\" src=\"https:\/\/zszil.pl\/images\/news\/dzienpatrona5.JPG\" style=\"margin:5px\" alt=\"\" align=\"\">\n<img decoding=\"async\" src=\"https:\/\/zszil.pl\/images\/news\/dzienpatrona6.JPG\" style=\"margin:5px\" alt=\"\" align=\"\">\n<img decoding=\"async\" src=\"https:\/\/zszil.pl\/images\/news\/dzienpatrona15.JPG\" style=\"margin:5px\" alt=\"\" align=\"\">\n<img decoding=\"async\" src=\"https:\/\/zszil.pl\/images\/news\/dzienpatrona7.JPG\" style=\"margin:5px\" alt=\"\" align=\"\">\n<img decoding=\"async\" src=\"https:\/\/zszil.pl\/images\/news\/dzienpatrona8.JPG\" style=\"margin:5px\" alt=\"\" align=\"\">\n<img decoding=\"async\" src=\"https:\/\/zszil.pl\/images\/news\/dzienpatrona9.JPG\" style=\"margin:5px\" alt=\"\" align=\"\">\n<img decoding=\"async\" src=\"https:\/\/zszil.pl\/images\/news\/dzienpatrona10.JPG\" style=\"margin:5px\" alt=\"\" align=\"\">\n<img decoding=\"async\" src=\"https:\/\/zszil.pl\/images\/news\/dzienpatrona11.jpg\" style=\"margin:5px\" alt=\"\" align=\"\">\n<img decoding=\"async\" src=\"https:\/\/zszil.pl\/images\/news\/dzienpatrona12.JPG\" style=\"margin:5px\" alt=\"\" align=\"\">\n<img decoding=\"async\" src=\"https:\/\/zszil.pl\/images\/news\/dzienpatrona13.JPG\" style=\"margin:5px\" alt=\"\" align=\"\">\n<img decoding=\"async\" src=\"https:\/\/zszil.pl\/images\/news\/dzienpatrona14.JPG\" style=\"margin:5px\" alt=\"\" align=\"\">\n\n<\/center>\n","protected":false},"excerpt":{"rendered":"<p>27 pa\u017adziernika 2021 r. obchodzili\u015bmy Dzie\u0144 Patron\u00f3w Szko\u0142y, czyli G\u00f3rnik\u00f3w i Energetyk\u00f3w Turowa. Uroczysto\u015b\u0107 odby\u0142a si\u0119 z udzia\u0142em zaproszonych go\u015bci: przedstawicieli Starostwa Powiatowego w Zgorzelcu, przedstawicieli Kopalni i Elektrowni z Turowa oraz przedstawicieli jednostek o\u015bwiatowych naszego powiatu. Pierwsza cz\u0119\u015b\u0107 wydarzenia&hellip; <a class=\"continue\" href=\"https:\/\/zszil.pl\/index.php\/2021\/10\/28\/dzien-patronow-szkoly\/\">Continue Reading<span> Dzie\u0144 Patron\u00f3w Szko\u0142y<\/span><\/a><\/p>\n","protected":false},"author":1,"featured_media":363,"comment_status":"closed","ping_status":"open","sticky":false,"template":"","format":"standard","meta":{"footnotes":""},"categories":[1,5],"tags":[],"class_list":["post-361","post","type-post","status-publish","format-standard","has-post-thumbnail","hentry","category-bez-kategorii","category-spotkanie"],"_links":{"self":[{"href":"https:\/\/zszil.pl\/index.php\/wp-json\/wp\/v2\/posts\/361","targetHints":{"allow":["GET"]}}],"collection":[{"href":"https:\/\/zszil.pl\/index.php\/wp-json\/wp\/v2\/posts"}],"about":[{"href":"https:\/\/zszil.pl\/index.php\/wp-json\/wp\/v2\/types\/post"}],"author":[{"embeddable":true,"href":"https:\/\/zszil.pl\/index.php\/wp-json\/wp\/v2\/users\/1"}],"replies":[{"embeddable":true,"href":"https:\/\/zszil.pl\/index.php\/wp-json\/wp\/v2\/comments?post=361"}],"version-history":[{"count":3,"href":"https:\/\/zszil.pl\/index.php\/wp-json\/wp\/v2\/posts\/361\/revisions"}],"predecessor-version":[{"id":365,"href":"https:\/\/zszil.pl\/index.php\/wp-json\/wp\/v2\/posts\/361\/revisions\/365"}],"wp:featuredmedia":[{"embeddable":true,"href":"https:\/\/zszil.pl\/index.php\/wp-json\/wp\/v2\/media\/363"}],"wp:attachment":[{"href":"https:\/\/zszil.pl\/index.php\/wp-json\/wp\/v2\/media?parent=361"}],"wp:term":[{"taxonomy":"category","embeddable":true,"href":"https:\/\/zszil.pl\/index.php\/wp-json\/wp\/v2\/categories?post=361"},{"taxonomy":"post_tag","embeddable":true,"href":"https:\/\/zszil.pl\/index.php\/wp-json\/wp\/v2\/tags?post=361"}],"curies":[{"name":"wp","href":"https:\/\/api.w.org\/{rel}","templated":true}]}}