{"id":366,"date":"2021-10-29T11:00:31","date_gmt":"2021-10-29T09:00:31","guid":{"rendered":"http:\/\/zszil.pl\/wwwnowev2\/?p=366"},"modified":"2021-11-19T10:04:24","modified_gmt":"2021-11-19T09:04:24","slug":"konferencja-wokol-nauk-spolecznych","status":"publish","type":"post","link":"https:\/\/zszil.pl\/index.php\/2021\/10\/29\/konferencja-wokol-nauk-spolecznych\/","title":{"rendered":"Konferencja Wok\u00f3\u0142 Nauk Spo\u0142ecznych"},"content":{"rendered":"\n<figure class=\"wp-block-table\"><table><tbody><tr><td>Wydzia\u0142 Nauk Spo\u0142ecznych Uniwersytetu \u015al\u0105skiego w Katowicach serdecznie zaprasza na transmisj\u0119 z I Konferencji Wok\u00f3\u0142 Nauk Spo\u0142ecznych, kt\u00f3ra odb\u0119dzie si\u0119 9-10 listopada br. Wydarzenie skierowane jest do student\u00f3w oraz uczni\u00f3w szk\u00f3\u0142 \u015brednich.<br><br>Pierwszego dnia nasi wyk\u0142adowcy opowiedz\u0105 mi\u0119dzy innymi: czym jest optymizm, jakie jest znaczenie dyspozycyjnego optymizmu dla \u0142agodzenia skutk\u00f3w stresu zwi\u0105zanego z pandemi\u0105, dlaczego warto mie\u0107 nadziej\u0119 na koniec optymizmu.<br>Drugiego dnia swoimi refleksjami i wynikami bada\u0144 podziel\u0105 si\u0119 z nami studenci, dzia\u0142aj\u0105cy w ko\u0142ach naukowych.<br>Zach\u0119camy uczni\u00f3w do obejrzenia transmisji online z wydarzenia:<br>\u2022&nbsp;<strong>Link do 9.11:<\/strong>&nbsp;<a href=\"https:\/\/youtu.be\/YWoRMrpm_JY\" target=\"_blank\" rel=\"noreferrer noopener\">https:\/\/youtu.be\/YWoRMrpm_JY<\/a><br>\u2022&nbsp;<strong>Link do 10.11:<\/strong><a href=\"https:\/\/youtu.be\/9hTg5nYFwjk\" target=\"_blank\" rel=\"noreferrer noopener\">&nbsp;https:\/\/youtu.be\/9hTg5nYFwjk<\/a><\/td><\/tr><\/tbody><\/table><\/figure>\n\n\n\n<p><\/p>\n","protected":false},"excerpt":{"rendered":"<p>Wydzia\u0142 Nauk Spo\u0142ecznych Uniwersytetu \u015al\u0105skiego w Katowicach serdecznie zaprasza na transmisj\u0119 z I Konferencji Wok\u00f3\u0142 Nauk Spo\u0142ecznych, kt\u00f3ra odb\u0119dzie si\u0119 9-10 listopada br. Wydarzenie skierowane jest do student\u00f3w oraz uczni\u00f3w szk\u00f3\u0142 \u015brednich. Pierwszego dnia nasi wyk\u0142adowcy opowiedz\u0105 mi\u0119dzy innymi: czym&hellip; <a class=\"continue\" href=\"https:\/\/zszil.pl\/index.php\/2021\/10\/29\/konferencja-wokol-nauk-spolecznych\/\">Continue Reading<span> Konferencja Wok\u00f3\u0142 Nauk Spo\u0142ecznych<\/span><\/a><\/p>\n","protected":false},"author":1,"featured_media":367,"comment_status":"closed","ping_status":"open","sticky":false,"template":"","format":"standard","meta":{"footnotes":""},"categories":[1],"tags":[],"class_list":["post-366","post","type-post","status-publish","format-standard","has-post-thumbnail","hentry","category-bez-kategorii"],"_links":{"self":[{"href":"https:\/\/zszil.pl\/index.php\/wp-json\/wp\/v2\/posts\/366","targetHints":{"allow":["GET"]}}],"collection":[{"href":"https:\/\/zszil.pl\/index.php\/wp-json\/wp\/v2\/posts"}],"about":[{"href":"https:\/\/zszil.pl\/index.php\/wp-json\/wp\/v2\/types\/post"}],"author":[{"embeddable":true,"href":"https:\/\/zszil.pl\/index.php\/wp-json\/wp\/v2\/users\/1"}],"replies":[{"embeddable":true,"href":"https:\/\/zszil.pl\/index.php\/wp-json\/wp\/v2\/comments?post=366"}],"version-history":[{"count":1,"href":"https:\/\/zszil.pl\/index.php\/wp-json\/wp\/v2\/posts\/366\/revisions"}],"predecessor-version":[{"id":368,"href":"https:\/\/zszil.pl\/index.php\/wp-json\/wp\/v2\/posts\/366\/revisions\/368"}],"wp:featuredmedia":[{"embeddable":true,"href":"https:\/\/zszil.pl\/index.php\/wp-json\/wp\/v2\/media\/367"}],"wp:attachment":[{"href":"https:\/\/zszil.pl\/index.php\/wp-json\/wp\/v2\/media?parent=366"}],"wp:term":[{"taxonomy":"category","embeddable":true,"href":"https:\/\/zszil.pl\/index.php\/wp-json\/wp\/v2\/categories?post=366"},{"taxonomy":"post_tag","embeddable":true,"href":"https:\/\/zszil.pl\/index.php\/wp-json\/wp\/v2\/tags?post=366"}],"curies":[{"name":"wp","href":"https:\/\/api.w.org\/{rel}","templated":true}]}}