{"id":9215,"date":"2026-04-26T22:13:44","date_gmt":"2026-04-26T20:13:44","guid":{"rendered":"https:\/\/zszil.pl\/?p=9215"},"modified":"2026-04-26T22:13:45","modified_gmt":"2026-04-26T20:13:45","slug":"erasmus-rozpoczety","status":"publish","type":"post","link":"https:\/\/zszil.pl\/index.php\/2026\/04\/26\/erasmus-rozpoczety\/","title":{"rendered":"ERASMUS+ rozpocz\u0119ty :)"},"content":{"rendered":"\n<p>Rozpocz\u0119cie praktyk zagranicznych w Granadzie w ramach programu Erasmus+<\/p>\n\n\n\n<p>Z rado\u015bci\u0105 informujemy, \u017ce uczniowie Zesp\u00f3\u0142 Szk\u00f3\u0142 Zawodowych i Licealnych w Zgorzelcu rozpocz\u0119li zagraniczne praktyki zawodowe w s\u0142onecznej Granadzie, w Hiszpanii. Wyjazd odbywa si\u0119 w ramach programu Erasmus+, kt\u00f3ry wspiera rozw\u00f3j kompetencji zawodowych, j\u0119zykowych i spo\u0142ecznych m\u0142odych ludzi poprzez zdobywanie do\u015bwiadczenia w mi\u0119dzynarodowym \u015brodowisku.<\/p>\n\n\n\n<p>Uczniowie maj\u0105 okazj\u0119 odbywa\u0107 praktyki w lokalnych przedsi\u0119biorstwach, poznaj\u0105c realia pracy w swoim zawodzie, a tak\u017ce ucz\u0105c si\u0119 nowych technologii i metod dzia\u0142ania. Codzienny kontakt z j\u0119zykiem obcym pozwala im doskonali\u0107 umiej\u0119tno\u015bci komunikacyjne, natomiast pobyt w Hiszpanii sprzyja poznawaniu kultury, tradycji oraz stylu \u017cycia mieszka\u0144c\u00f3w regionu Andaluzji.<\/p>\n\n\n\n<p>Udzia\u0142 w projekcie Erasmus+ to nie tylko szansa na rozw\u00f3j zawodowy, ale tak\u017ce na budowanie samodzielno\u015bci, pewno\u015bci siebie oraz otwarto\u015bci na inne kultury. Jeste\u015bmy przekonani, \u017ce zdobyte do\u015bwiadczenia b\u0119d\u0105 cennym kapita\u0142em na przysz\u0142o\u015b\u0107 naszych uczni\u00f3w.<\/p>\n\n\n\n<p>\u017byczymy wszystkim uczestnikom owocnych praktyk, wielu inspiruj\u0105cych do\u015bwiadcze\u0144 oraz niezapomnianych wspomnie\u0144 z pobytu w Hiszpanii! <\/p>\n\n\n\n<p>cdn&#8230;.<\/p>\n\n\n\n<figure class=\"wp-block-gallery has-nested-images columns-default is-cropped wp-block-gallery-1 is-layout-flex wp-block-gallery-is-layout-flex\">\n<figure class=\"wp-block-image size-large\"><img loading=\"lazy\" decoding=\"async\" width=\"1900\" height=\"1425\" data-id=\"9219\" src=\"https:\/\/zszil.pl\/wp-content\/uploads\/2026\/04\/IMG_7178-1900x1425.jpeg\" alt=\"\" class=\"wp-image-9219\" srcset=\"https:\/\/zszil.pl\/wp-content\/uploads\/2026\/04\/IMG_7178-1900x1425.jpeg 1900w, https:\/\/zszil.pl\/wp-content\/uploads\/2026\/04\/IMG_7178-768x576.jpeg 768w, https:\/\/zszil.pl\/wp-content\/uploads\/2026\/04\/IMG_7178-1536x1152.jpeg 1536w, https:\/\/zszil.pl\/wp-content\/uploads\/2026\/04\/IMG_7178-2048x1536.jpeg 2048w, https:\/\/zszil.pl\/wp-content\/uploads\/2026\/04\/IMG_7178-360x270.jpeg 360w\" sizes=\"auto, (max-width: 1900px) 100vw, 1900px\" \/><\/figure>\n\n\n\n<figure class=\"wp-block-image size-large\"><img loading=\"lazy\" decoding=\"async\" width=\"1425\" height=\"1900\" data-id=\"9220\" src=\"https:\/\/zszil.pl\/wp-content\/uploads\/2026\/04\/5a962018-6a43-4079-9d23-aed35bc87ea2-1425x1900.jpg\" alt=\"\" class=\"wp-image-9220\" srcset=\"https:\/\/zszil.pl\/wp-content\/uploads\/2026\/04\/5a962018-6a43-4079-9d23-aed35bc87ea2-1425x1900.jpg 1425w, https:\/\/zszil.pl\/wp-content\/uploads\/2026\/04\/5a962018-6a43-4079-9d23-aed35bc87ea2-768x1024.jpg 768w, https:\/\/zszil.pl\/wp-content\/uploads\/2026\/04\/5a962018-6a43-4079-9d23-aed35bc87ea2-1152x1536.jpg 1152w, https:\/\/zszil.pl\/wp-content\/uploads\/2026\/04\/5a962018-6a43-4079-9d23-aed35bc87ea2-203x270.jpg 203w, https:\/\/zszil.pl\/wp-content\/uploads\/2026\/04\/5a962018-6a43-4079-9d23-aed35bc87ea2.jpg 1536w\" sizes=\"auto, (max-width: 1425px) 100vw, 1425px\" \/><\/figure>\n\n\n\n<figure class=\"wp-block-image size-large\"><img loading=\"lazy\" decoding=\"async\" width=\"1425\" height=\"1900\" data-id=\"9221\" src=\"https:\/\/zszil.pl\/wp-content\/uploads\/2026\/04\/2d2fafd3-2542-4b62-b5f6-b6a62b90efe7-1425x1900.jpg\" alt=\"\" class=\"wp-image-9221\" srcset=\"https:\/\/zszil.pl\/wp-content\/uploads\/2026\/04\/2d2fafd3-2542-4b62-b5f6-b6a62b90efe7-1425x1900.jpg 1425w, https:\/\/zszil.pl\/wp-content\/uploads\/2026\/04\/2d2fafd3-2542-4b62-b5f6-b6a62b90efe7-768x1024.jpg 768w, https:\/\/zszil.pl\/wp-content\/uploads\/2026\/04\/2d2fafd3-2542-4b62-b5f6-b6a62b90efe7-1152x1536.jpg 1152w, https:\/\/zszil.pl\/wp-content\/uploads\/2026\/04\/2d2fafd3-2542-4b62-b5f6-b6a62b90efe7-203x270.jpg 203w, https:\/\/zszil.pl\/wp-content\/uploads\/2026\/04\/2d2fafd3-2542-4b62-b5f6-b6a62b90efe7.jpg 1536w\" sizes=\"auto, (max-width: 1425px) 100vw, 1425px\" \/><\/figure>\n\n\n\n<figure class=\"wp-block-image size-large\"><img loading=\"lazy\" decoding=\"async\" width=\"1425\" height=\"1900\" data-id=\"9222\" src=\"https:\/\/zszil.pl\/wp-content\/uploads\/2026\/04\/cde794a0-9489-420e-b5e2-34ef873d10a2-1425x1900.jpg\" alt=\"\" class=\"wp-image-9222\" srcset=\"https:\/\/zszil.pl\/wp-content\/uploads\/2026\/04\/cde794a0-9489-420e-b5e2-34ef873d10a2-1425x1900.jpg 1425w, https:\/\/zszil.pl\/wp-content\/uploads\/2026\/04\/cde794a0-9489-420e-b5e2-34ef873d10a2-768x1024.jpg 768w, https:\/\/zszil.pl\/wp-content\/uploads\/2026\/04\/cde794a0-9489-420e-b5e2-34ef873d10a2-1152x1536.jpg 1152w, https:\/\/zszil.pl\/wp-content\/uploads\/2026\/04\/cde794a0-9489-420e-b5e2-34ef873d10a2-203x270.jpg 203w, https:\/\/zszil.pl\/wp-content\/uploads\/2026\/04\/cde794a0-9489-420e-b5e2-34ef873d10a2.jpg 1536w\" sizes=\"auto, (max-width: 1425px) 100vw, 1425px\" \/><\/figure>\n\n\n\n<figure class=\"wp-block-image size-large\"><img loading=\"lazy\" decoding=\"async\" width=\"1425\" height=\"1900\" data-id=\"9218\" src=\"https:\/\/zszil.pl\/wp-content\/uploads\/2026\/04\/85b2a094-8fce-48e4-9ee1-623d8daf6fce-1425x1900.jpg\" alt=\"\" class=\"wp-image-9218\" srcset=\"https:\/\/zszil.pl\/wp-content\/uploads\/2026\/04\/85b2a094-8fce-48e4-9ee1-623d8daf6fce-1425x1900.jpg 1425w, https:\/\/zszil.pl\/wp-content\/uploads\/2026\/04\/85b2a094-8fce-48e4-9ee1-623d8daf6fce-768x1024.jpg 768w, https:\/\/zszil.pl\/wp-content\/uploads\/2026\/04\/85b2a094-8fce-48e4-9ee1-623d8daf6fce-1152x1536.jpg 1152w, https:\/\/zszil.pl\/wp-content\/uploads\/2026\/04\/85b2a094-8fce-48e4-9ee1-623d8daf6fce-203x270.jpg 203w, https:\/\/zszil.pl\/wp-content\/uploads\/2026\/04\/85b2a094-8fce-48e4-9ee1-623d8daf6fce.jpg 1530w\" sizes=\"auto, (max-width: 1425px) 100vw, 1425px\" \/><\/figure>\n<\/figure>\n","protected":false},"excerpt":{"rendered":"<p>Rozpocz\u0119cie praktyk zagranicznych w Granadzie w ramach programu Erasmus+ Z rado\u015bci\u0105 informujemy, \u017ce uczniowie Zesp\u00f3\u0142 Szk\u00f3\u0142 Zawodowych i Licealnych w Zgorzelcu rozpocz\u0119li zagraniczne praktyki zawodowe w s\u0142onecznej Granadzie, w Hiszpanii. Wyjazd odbywa si\u0119 w ramach programu Erasmus+, kt\u00f3ry wspiera rozw\u00f3j&hellip; <a class=\"continue\" href=\"https:\/\/zszil.pl\/index.php\/2026\/04\/26\/erasmus-rozpoczety\/\">Continue Reading<span> ERASMUS+ rozpocz\u0119ty \ud83d\ude42<\/span><\/a><\/p>\n","protected":false},"author":10,"featured_media":9217,"comment_status":"closed","ping_status":"open","sticky":false,"template":"","format":"standard","meta":{"footnotes":""},"categories":[1],"tags":[],"class_list":["post-9215","post","type-post","status-publish","format-standard","has-post-thumbnail","hentry","category-bez-kategorii"],"_links":{"self":[{"href":"https:\/\/zszil.pl\/index.php\/wp-json\/wp\/v2\/posts\/9215","targetHints":{"allow":["GET"]}}],"collection":[{"href":"https:\/\/zszil.pl\/index.php\/wp-json\/wp\/v2\/posts"}],"about":[{"href":"https:\/\/zszil.pl\/index.php\/wp-json\/wp\/v2\/types\/post"}],"author":[{"embeddable":true,"href":"https:\/\/zszil.pl\/index.php\/wp-json\/wp\/v2\/users\/10"}],"replies":[{"embeddable":true,"href":"https:\/\/zszil.pl\/index.php\/wp-json\/wp\/v2\/comments?post=9215"}],"version-history":[{"count":1,"href":"https:\/\/zszil.pl\/index.php\/wp-json\/wp\/v2\/posts\/9215\/revisions"}],"predecessor-version":[{"id":9223,"href":"https:\/\/zszil.pl\/index.php\/wp-json\/wp\/v2\/posts\/9215\/revisions\/9223"}],"wp:featuredmedia":[{"embeddable":true,"href":"https:\/\/zszil.pl\/index.php\/wp-json\/wp\/v2\/media\/9217"}],"wp:attachment":[{"href":"https:\/\/zszil.pl\/index.php\/wp-json\/wp\/v2\/media?parent=9215"}],"wp:term":[{"taxonomy":"category","embeddable":true,"href":"https:\/\/zszil.pl\/index.php\/wp-json\/wp\/v2\/categories?post=9215"},{"taxonomy":"post_tag","embeddable":true,"href":"https:\/\/zszil.pl\/index.php\/wp-json\/wp\/v2\/tags?post=9215"}],"curies":[{"name":"wp","href":"https:\/\/api.w.org\/{rel}","templated":true}]}}