{"id":9803,"date":"2026-09-02T08:47:17","date_gmt":"2026-09-02T06:47:17","guid":{"rendered":"https:\/\/zszil.pl\/?p=9803"},"modified":"2026-09-02T08:47:18","modified_gmt":"2026-09-02T06:47:18","slug":"uroczyste-rozpoczecie-roku-szkolnego-2026-2027","status":"publish","type":"post","link":"https:\/\/zszil.pl\/index.php\/2026\/09\/02\/uroczyste-rozpoczecie-roku-szkolnego-2026-2027\/","title":{"rendered":"Uroczyste rozpocz\u0119cie roku szkolnego 2026\/2027"},"content":{"rendered":"\n<p><strong>1 wrze\u015bnia 2026 roku<\/strong> spo\u0142eczno\u015b\u0107 Zespo\u0142u Szk\u00f3\u0142 Zawodowych i Licealnych w Zgorzelcu uroczy\u015bcie rozpocz\u0119\u0142a nowy rok szkolny 2026\/2027.<\/p>\n\n\n\n<p>Ten wyj\u0105tkowy dzie\u0144 by\u0142 szczeg\u00f3lnym momentem zw\u0142aszcza dla uczni\u00f3w klas pierwszych, kt\u00f3rzy po raz pierwszy przekroczyli progi naszej szko\u0142y, rozpoczynaj\u0105c nowy etap swojej edukacyjnej drogi. Uroczysto\u015b\u0107 inauguruj\u0105ca rok szkolny odby\u0142a si\u0119 w <strong>auli szkolnej o godz. 9:00<\/strong>. Pozostali uczniowie o <strong>godz. 10:00 spotkali si\u0119 ze swoimi wychowawcami<\/strong>, aby wsp\u00f3lnie rozpocz\u0105\u0107 kolejny rok nauki.<\/p>\n\n\n\n<p>Podczas uroczysto\u015bci g\u0142os zabra\u0142a <strong>Pani Dyrektor<\/strong>, kt\u00f3ra w swoim przem\u00f3wieniu serdecznie powita\u0142a uczni\u00f3w, szczeg\u00f3lnie tych, kt\u00f3rzy po raz pierwszy do\u0142\u0105czyli do naszej szkolnej spo\u0142eczno\u015bci. \u017byczy\u0142a wszystkim, aby rozpoczynaj\u0105cy si\u0119 rok by\u0142 czasem ambitnych wyzwa\u0144, sukces\u00f3w oraz rozwijania w\u0142asnych pasji i talent\u00f3w. Podkre\u015bli\u0142a r\u00f3wnie\u017c, \u017ce szko\u0142a to nie tylko miejsce zdobywania wiedzy, ale tak\u017ce przestrze\u0144, w kt\u00f3rej m\u0142odzi ludzie mog\u0105 odkrywa\u0107 swoje mo\u017cliwo\u015bci, kszta\u0142towa\u0107 swoje marzenia i przygotowywa\u0107 si\u0119 do doros\u0142ego \u017cycia.<\/p>\n\n\n\n<p>Pocz\u0105tek roku szkolnego to czas nowych wyzwa\u0144, plan\u00f3w, nadziei i ambitnych cel\u00f3w. To r\u00f3wnie\u017c okazja do podejmowania nowych przedsi\u0119wzi\u0119\u0107, rozwijania zainteresowa\u0144 oraz budowania relacji, kt\u00f3re tworz\u0105 wyj\u0105tkow\u0105 atmosfer\u0119 szkolnej wsp\u00f3lnoty.<\/p>\n\n\n\n<p><strong>Serdecznie witamy wszystkich uczni\u00f3w, a szczeg\u00f3lnie tych, kt\u00f3rzy rozpoczynaj\u0105 nauk\u0119 w naszej szkole.<\/strong> \u017byczymy Wam, aby nadchodz\u0105cy rok by\u0142 czasem pe\u0142nym sukces\u00f3w, inspiruj\u0105cych do\u015bwiadcze\u0144 i satysfakcji z podejmowanych wyzwa\u0144. Niech ka\u017cdy dzie\u0144 przynosi nowe mo\u017cliwo\u015bci zdobywania wiedzy, rozwijania talent\u00f3w i realizowania w\u0142asnych marze\u0144.<\/p>\n\n\n\n<p><strong>\u017byczymy ca\u0142ej spo\u0142eczno\u015bci szkolnej pomy\u015blnego, pe\u0142nego sukces\u00f3w i niezapomnianych chwil roku szkolnego 2026\/2027!<\/strong><\/p>\n\n\n\n<figure class=\"wp-block-gallery has-nested-images columns-default is-cropped wp-block-gallery-1 is-layout-flex wp-block-gallery-is-layout-flex\">\n<figure class=\"wp-block-image size-large\"><img loading=\"lazy\" decoding=\"async\" width=\"1900\" height=\"1425\" data-id=\"9811\" src=\"https:\/\/zszil.pl\/wp-content\/uploads\/2026\/09\/839306ed-bc6d-45d4-92df-925e6b85dba7-1900x1425.jpg\" alt=\"\" class=\"wp-image-9811\" srcset=\"https:\/\/zszil.pl\/wp-content\/uploads\/2026\/09\/839306ed-bc6d-45d4-92df-925e6b85dba7-1900x1425.jpg 1900w, https:\/\/zszil.pl\/wp-content\/uploads\/2026\/09\/839306ed-bc6d-45d4-92df-925e6b85dba7-768x576.jpg 768w, https:\/\/zszil.pl\/wp-content\/uploads\/2026\/09\/839306ed-bc6d-45d4-92df-925e6b85dba7-1536x1152.jpg 1536w, https:\/\/zszil.pl\/wp-content\/uploads\/2026\/09\/839306ed-bc6d-45d4-92df-925e6b85dba7-360x270.jpg 360w, https:\/\/zszil.pl\/wp-content\/uploads\/2026\/09\/839306ed-bc6d-45d4-92df-925e6b85dba7.jpg 2000w\" sizes=\"auto, (max-width: 1900px) 100vw, 1900px\" \/><\/figure>\n\n\n\n<figure class=\"wp-block-image size-large\"><img loading=\"lazy\" decoding=\"async\" width=\"1425\" height=\"1900\" data-id=\"9809\" src=\"https:\/\/zszil.pl\/wp-content\/uploads\/2026\/09\/0bcaf572-26f5-463d-9711-209fc50f2663-1425x1900.jpg\" alt=\"\" class=\"wp-image-9809\" srcset=\"https:\/\/zszil.pl\/wp-content\/uploads\/2026\/09\/0bcaf572-26f5-463d-9711-209fc50f2663-1425x1900.jpg 1425w, https:\/\/zszil.pl\/wp-content\/uploads\/2026\/09\/0bcaf572-26f5-463d-9711-209fc50f2663-768x1024.jpg 768w, https:\/\/zszil.pl\/wp-content\/uploads\/2026\/09\/0bcaf572-26f5-463d-9711-209fc50f2663-1152x1536.jpg 1152w, https:\/\/zszil.pl\/wp-content\/uploads\/2026\/09\/0bcaf572-26f5-463d-9711-209fc50f2663-203x270.jpg 203w, https:\/\/zszil.pl\/wp-content\/uploads\/2026\/09\/0bcaf572-26f5-463d-9711-209fc50f2663.jpg 1500w\" sizes=\"auto, (max-width: 1425px) 100vw, 1425px\" \/><\/figure>\n\n\n\n<figure class=\"wp-block-image size-large\"><img loading=\"lazy\" decoding=\"async\" width=\"1200\" height=\"1600\" data-id=\"9808\" src=\"https:\/\/zszil.pl\/wp-content\/uploads\/2026\/09\/f76b2d84-b6e7-4f02-add1-168d7449e6c7.jpg\" alt=\"\" class=\"wp-image-9808\" srcset=\"https:\/\/zszil.pl\/wp-content\/uploads\/2026\/09\/f76b2d84-b6e7-4f02-add1-168d7449e6c7.jpg 1200w, https:\/\/zszil.pl\/wp-content\/uploads\/2026\/09\/f76b2d84-b6e7-4f02-add1-168d7449e6c7-768x1024.jpg 768w, https:\/\/zszil.pl\/wp-content\/uploads\/2026\/09\/f76b2d84-b6e7-4f02-add1-168d7449e6c7-1152x1536.jpg 1152w, https:\/\/zszil.pl\/wp-content\/uploads\/2026\/09\/f76b2d84-b6e7-4f02-add1-168d7449e6c7-203x270.jpg 203w\" sizes=\"auto, (max-width: 1200px) 100vw, 1200px\" \/><\/figure>\n\n\n\n<figure class=\"wp-block-image size-large\"><img loading=\"lazy\" decoding=\"async\" width=\"1600\" height=\"869\" data-id=\"9806\" src=\"https:\/\/zszil.pl\/wp-content\/uploads\/2026\/09\/df6fcac5-e096-40f7-a3ba-83314b7894c6.jpg\" alt=\"\" class=\"wp-image-9806\" srcset=\"https:\/\/zszil.pl\/wp-content\/uploads\/2026\/09\/df6fcac5-e096-40f7-a3ba-83314b7894c6.jpg 1600w, https:\/\/zszil.pl\/wp-content\/uploads\/2026\/09\/df6fcac5-e096-40f7-a3ba-83314b7894c6-768x417.jpg 768w, https:\/\/zszil.pl\/wp-content\/uploads\/2026\/09\/df6fcac5-e096-40f7-a3ba-83314b7894c6-1536x834.jpg 1536w, https:\/\/zszil.pl\/wp-content\/uploads\/2026\/09\/df6fcac5-e096-40f7-a3ba-83314b7894c6-360x196.jpg 360w\" sizes=\"auto, (max-width: 1600px) 100vw, 1600px\" \/><\/figure>\n\n\n\n<figure class=\"wp-block-image size-large\"><img loading=\"lazy\" decoding=\"async\" width=\"1600\" height=\"998\" data-id=\"9805\" src=\"https:\/\/zszil.pl\/wp-content\/uploads\/2026\/09\/f45eafdc-ea77-4672-b086-4cafdf2d2c95.jpg\" alt=\"\" class=\"wp-image-9805\" srcset=\"https:\/\/zszil.pl\/wp-content\/uploads\/2026\/09\/f45eafdc-ea77-4672-b086-4cafdf2d2c95.jpg 1600w, https:\/\/zszil.pl\/wp-content\/uploads\/2026\/09\/f45eafdc-ea77-4672-b086-4cafdf2d2c95-768x479.jpg 768w, https:\/\/zszil.pl\/wp-content\/uploads\/2026\/09\/f45eafdc-ea77-4672-b086-4cafdf2d2c95-1536x958.jpg 1536w, https:\/\/zszil.pl\/wp-content\/uploads\/2026\/09\/f45eafdc-ea77-4672-b086-4cafdf2d2c95-360x225.jpg 360w\" sizes=\"auto, (max-width: 1600px) 100vw, 1600px\" \/><\/figure>\n\n\n\n<figure class=\"wp-block-image size-large\"><img loading=\"lazy\" decoding=\"async\" width=\"1900\" height=\"1425\" data-id=\"9810\" src=\"https:\/\/zszil.pl\/wp-content\/uploads\/2026\/09\/03d4f975-a0ca-488a-9426-0d0db0b7e76a-1900x1425.jpg\" alt=\"\" class=\"wp-image-9810\" srcset=\"https:\/\/zszil.pl\/wp-content\/uploads\/2026\/09\/03d4f975-a0ca-488a-9426-0d0db0b7e76a-1900x1425.jpg 1900w, https:\/\/zszil.pl\/wp-content\/uploads\/2026\/09\/03d4f975-a0ca-488a-9426-0d0db0b7e76a-768x576.jpg 768w, https:\/\/zszil.pl\/wp-content\/uploads\/2026\/09\/03d4f975-a0ca-488a-9426-0d0db0b7e76a-1536x1152.jpg 1536w, https:\/\/zszil.pl\/wp-content\/uploads\/2026\/09\/03d4f975-a0ca-488a-9426-0d0db0b7e76a-360x270.jpg 360w, https:\/\/zszil.pl\/wp-content\/uploads\/2026\/09\/03d4f975-a0ca-488a-9426-0d0db0b7e76a.jpg 2000w\" sizes=\"auto, (max-width: 1900px) 100vw, 1900px\" \/><\/figure>\n<\/figure>\n","protected":false},"excerpt":{"rendered":"<p>1 wrze\u015bnia 2026 roku spo\u0142eczno\u015b\u0107 Zespo\u0142u Szk\u00f3\u0142 Zawodowych i Licealnych w Zgorzelcu uroczy\u015bcie rozpocz\u0119\u0142a nowy rok szkolny 2026\/2027. Ten wyj\u0105tkowy dzie\u0144 by\u0142 szczeg\u00f3lnym momentem zw\u0142aszcza dla uczni\u00f3w klas pierwszych, kt\u00f3rzy po raz pierwszy przekroczyli progi naszej szko\u0142y, rozpoczynaj\u0105c nowy etap&hellip; <a class=\"continue\" href=\"https:\/\/zszil.pl\/index.php\/2026\/09\/02\/uroczyste-rozpoczecie-roku-szkolnego-2026-2027\/\">Continue Reading<span> Uroczyste rozpocz\u0119cie roku szkolnego 2026\/2027<\/span><\/a><\/p>\n","protected":false},"author":10,"featured_media":9812,"comment_status":"closed","ping_status":"open","sticky":false,"template":"","format":"standard","meta":{"footnotes":""},"categories":[1],"tags":[],"class_list":["post-9803","post","type-post","status-publish","format-standard","has-post-thumbnail","hentry","category-bez-kategorii"],"_links":{"self":[{"href":"https:\/\/zszil.pl\/index.php\/wp-json\/wp\/v2\/posts\/9803","targetHints":{"allow":["GET"]}}],"collection":[{"href":"https:\/\/zszil.pl\/index.php\/wp-json\/wp\/v2\/posts"}],"about":[{"href":"https:\/\/zszil.pl\/index.php\/wp-json\/wp\/v2\/types\/post"}],"author":[{"embeddable":true,"href":"https:\/\/zszil.pl\/index.php\/wp-json\/wp\/v2\/users\/10"}],"replies":[{"embeddable":true,"href":"https:\/\/zszil.pl\/index.php\/wp-json\/wp\/v2\/comments?post=9803"}],"version-history":[{"count":1,"href":"https:\/\/zszil.pl\/index.php\/wp-json\/wp\/v2\/posts\/9803\/revisions"}],"predecessor-version":[{"id":9813,"href":"https:\/\/zszil.pl\/index.php\/wp-json\/wp\/v2\/posts\/9803\/revisions\/9813"}],"wp:featuredmedia":[{"embeddable":true,"href":"https:\/\/zszil.pl\/index.php\/wp-json\/wp\/v2\/media\/9812"}],"wp:attachment":[{"href":"https:\/\/zszil.pl\/index.php\/wp-json\/wp\/v2\/media?parent=9803"}],"wp:term":[{"taxonomy":"category","embeddable":true,"href":"https:\/\/zszil.pl\/index.php\/wp-json\/wp\/v2\/categories?post=9803"},{"taxonomy":"post_tag","embeddable":true,"href":"https:\/\/zszil.pl\/index.php\/wp-json\/wp\/v2\/tags?post=9803"}],"curies":[{"name":"wp","href":"https:\/\/api.w.org\/{rel}","templated":true}]}}