{"id":9833,"date":"2026-09-01T20:56:08","date_gmt":"2026-09-01T18:56:08","guid":{"rendered":"https:\/\/zszil.pl\/?p=9833"},"modified":"2026-09-04T21:07:28","modified_gmt":"2026-09-04T19:07:28","slug":"87-rocznica-wybuchu-ii-wojny-swiatowej-pamietamy-i-oddajemy-hold","status":"publish","type":"post","link":"https:\/\/zszil.pl\/index.php\/2026\/09\/01\/87-rocznica-wybuchu-ii-wojny-swiatowej-pamietamy-i-oddajemy-hold\/","title":{"rendered":"87. rocznica wybuchu II wojny \u015bwiatowej \u2013 pami\u0119tamy i oddajemy ho\u0142d"},"content":{"rendered":"\n<p>1 wrze\u015bnia 1939 roku rozpocz\u0119\u0142a si\u0119 jedna z najtragiczniejszych kart w historii Polski i \u015bwiata. W 87. rocznic\u0119 wybuchu II wojny \u015bwiatowej spo\u0142eczno\u015b\u0107 naszej szko\u0142y po raz kolejny odda\u0142a ho\u0142d wszystkim, kt\u00f3rzy walczyli i gin\u0119li w obronie Ojczyzny.<\/p>\n\n\n\n<p>Podczas uroczysto\u015bci na zgorzeleckim Cmentarzu Wojskowym zgromadzili si\u0119 przedstawiciele lokalnych w\u0142adz, a tak\u017ce cz\u0142onkowie naszej spo\u0142eczno\u015bci szkolnej, aby wsp\u00f3lnie uczci\u0107 pami\u0119\u0107 bohater\u00f3w tamtych dni. By\u0142 to czas zadumy, refleksji i wdzi\u0119czno\u015bci wobec pokolenia, kt\u00f3re w obliczu wojny musia\u0142o zmierzy\u0107 si\u0119 z niewyobra\u017calnym cierpieniem oraz walk\u0105 o wolno\u015b\u0107 i niepodleg\u0142o\u015b\u0107 Polski.<\/p>\n\n\n\n<p>Szczeg\u00f3ln\u0105 rol\u0119 podczas uroczysto\u015bci odegrali strzelcy <strong>Plutonu Strzeleckiego Zespo\u0142u Szk\u00f3\u0142 Zawodowych i Licealnych<\/strong> <strong>w Zgorzelcu<\/strong>. Ich obecno\u015b\u0107 w umundurowaniu, pe\u0142niona s\u0142u\u017cba oraz godna i pe\u0142na szacunku postawa by\u0142y wyrazem przywi\u0105zania do warto\u015bci patriotycznych oraz \u015bwiadectwem, \u017ce pami\u0119\u0107 o historii jest wa\u017cn\u0105 cz\u0119\u015bci\u0105 wychowania m\u0142odego pokolenia.<\/p>\n\n\n\n<p>Dla naszej spo\u0142eczno\u015bci szkolnej patriotyzm nie jest jedynie s\u0142owem. To przede wszystkim pami\u0119\u0107 o tych, kt\u00f3rzy oddali \u017cycie za woln\u0105 Polsk\u0119, szacunek do symboli narodowych, odpowiedzialno\u015b\u0107 za wsp\u00f3lnot\u0119 oraz gotowo\u015b\u0107 do piel\u0119gnowania dziedzictwa naszych przodk\u00f3w. Udzia\u0142 w obchodach kolejnej rocznicy wybuchu II wojny \u015bwiatowej jest jednym ze sposob\u00f3w, w jaki pokazujemy, \u017ce m\u0142ode pokolenie chce zna\u0107 swoj\u0105 histori\u0119 i czerpa\u0107 z niej warto\u015bci na przysz\u0142o\u015b\u0107.<\/p>\n\n\n\n<p>Z\u0142o\u017cone kwiaty, zapalone znicze i chwila ciszy na zgorzeleckim Cmentarzu Wojskowym by\u0142y symbolicznym wyrazem naszej wdzi\u0119czno\u015bci. Wspominaj\u0105c poleg\u0142ych, pami\u0119tamy r\u00f3wnie\u017c o wszystkich ofiarach wojny \u2013 \u017co\u0142nierzach i cywilach, kt\u00f3rych \u017cycie zosta\u0142o na zawsze naznaczone dramatem tego konfliktu.<\/p>\n\n\n\n<p><strong>Pami\u0119\u0107 jest naszym obowi\u0105zkiem.<\/strong> To dzi\u0119ki niej kolejne pokolenia mog\u0105 zrozumie\u0107 cen\u0119 wolno\u015bci i pokoju. Jako spo\u0142eczno\u015b\u0107 Zespo\u0142u Szk\u00f3\u0142 Zawodowych i Licealnych chcemy t\u0119 pami\u0119\u0107 piel\u0119gnowa\u0107, przekazuj\u0105c m\u0142odzie\u017cy warto\u015bci takie jak patriotyzm, szacunek, odpowiedzialno\u015b\u0107 i troska o Ojczyzn\u0119.<\/p>\n\n\n\n<p>Niech obecno\u015b\u0107 naszych uczni\u00f3w i strzelc\u00f3w Plutonu Strzeleckiego podczas uroczysto\u015bci b\u0119dzie wyrazem naszego wsp\u00f3lnego przes\u0142ania:<\/p>\n\n\n\n<p><strong>Pami\u0119tamy o Bohaterach.<br>Szanujemy histori\u0119.<br>Jeste\u015bmy dumni z naszej Ojczyzny.<br>Dbamy o pami\u0119\u0107 dla przysz\u0142ych pokole\u0144.<\/strong><\/p>\n\n\n\n<p><strong>Cze\u015b\u0107 i chwa\u0142a Bohaterom!<br>Wieczna pami\u0119\u0107 Poleg\u0142ym!<br>Niech \u017cyje Polska!<\/strong><\/p>\n\n\n\n<figure class=\"wp-block-video\"><video height=\"1024\" style=\"aspect-ratio: 576 \/ 1024;\" width=\"576\" controls src=\"https:\/\/zszil.pl\/wp-content\/uploads\/2026\/09\/913c5907-5ba5-46ff-8e1c-ca4515e2c263.mp4\"><\/video><\/figure>\n","protected":false},"excerpt":{"rendered":"<p>1 wrze\u015bnia 1939 roku rozpocz\u0119\u0142a si\u0119 jedna z najtragiczniejszych kart w historii Polski i \u015bwiata. W 87. rocznic\u0119 wybuchu II wojny \u015bwiatowej spo\u0142eczno\u015b\u0107 naszej szko\u0142y po raz kolejny odda\u0142a ho\u0142d wszystkim, kt\u00f3rzy walczyli i gin\u0119li w obronie Ojczyzny. Podczas uroczysto\u015bci&hellip; <a class=\"continue\" href=\"https:\/\/zszil.pl\/index.php\/2026\/09\/01\/87-rocznica-wybuchu-ii-wojny-swiatowej-pamietamy-i-oddajemy-hold\/\">Continue Reading<span> 87. rocznica wybuchu II wojny \u015bwiatowej \u2013 pami\u0119tamy i oddajemy ho\u0142d<\/span><\/a><\/p>\n","protected":false},"author":10,"featured_media":9835,"comment_status":"closed","ping_status":"open","sticky":false,"template":"","format":"standard","meta":{"footnotes":""},"categories":[1],"tags":[],"class_list":["post-9833","post","type-post","status-publish","format-standard","has-post-thumbnail","hentry","category-bez-kategorii"],"_links":{"self":[{"href":"https:\/\/zszil.pl\/index.php\/wp-json\/wp\/v2\/posts\/9833","targetHints":{"allow":["GET"]}}],"collection":[{"href":"https:\/\/zszil.pl\/index.php\/wp-json\/wp\/v2\/posts"}],"about":[{"href":"https:\/\/zszil.pl\/index.php\/wp-json\/wp\/v2\/types\/post"}],"author":[{"embeddable":true,"href":"https:\/\/zszil.pl\/index.php\/wp-json\/wp\/v2\/users\/10"}],"replies":[{"embeddable":true,"href":"https:\/\/zszil.pl\/index.php\/wp-json\/wp\/v2\/comments?post=9833"}],"version-history":[{"count":1,"href":"https:\/\/zszil.pl\/index.php\/wp-json\/wp\/v2\/posts\/9833\/revisions"}],"predecessor-version":[{"id":9836,"href":"https:\/\/zszil.pl\/index.php\/wp-json\/wp\/v2\/posts\/9833\/revisions\/9836"}],"wp:featuredmedia":[{"embeddable":true,"href":"https:\/\/zszil.pl\/index.php\/wp-json\/wp\/v2\/media\/9835"}],"wp:attachment":[{"href":"https:\/\/zszil.pl\/index.php\/wp-json\/wp\/v2\/media?parent=9833"}],"wp:term":[{"taxonomy":"category","embeddable":true,"href":"https:\/\/zszil.pl\/index.php\/wp-json\/wp\/v2\/categories?post=9833"},{"taxonomy":"post_tag","embeddable":true,"href":"https:\/\/zszil.pl\/index.php\/wp-json\/wp\/v2\/tags?post=9833"}],"curies":[{"name":"wp","href":"https:\/\/api.w.org\/{rel}","templated":true}]}}