{"id":9841,"date":"2026-09-04T21:21:17","date_gmt":"2026-09-04T19:21:17","guid":{"rendered":"https:\/\/zszil.pl\/?p=9841"},"modified":"2026-09-04T21:31:34","modified_gmt":"2026-09-04T19:31:34","slug":"i-odbior-czesciowy-robot-budowlanych-w-ramach-projektu-pn-poprawa-efektywnosci-energetycznej-budynkow-oswiatowych-powiatu-zgorzeleckiego-etap-i","status":"publish","type":"post","link":"https:\/\/zszil.pl\/index.php\/2026\/09\/04\/i-odbior-czesciowy-robot-budowlanych-w-ramach-projektu-pn-poprawa-efektywnosci-energetycznej-budynkow-oswiatowych-powiatu-zgorzeleckiego-etap-i\/","title":{"rendered":"I. Odbi\u00f3r cz\u0119\u015bciowy rob\u00f3t budowlanych w ramach projektu pn.: \u201ePoprawa efektywno\u015bci energetycznej budynk\u00f3w o\u015bwiatowych Powiatu Zgorzeleckiego \u2013 etap I\u201d"},"content":{"rendered":"\n<p>Dnia 28 sierpnia 2026 roku dokonano odbioru cz\u0119\u015bciowego rob\u00f3t budowlanych w budynku AP Zespo\u0142u Szk\u00f3\u0142 Zawodowych i Licealnych w Zgorzelcu, realizowanych w ramach projektu pn.: \u201ePoprawa efektywno\u015bci energetycznej budynk\u00f3w o\u015bwiatowych Powiatu Zgorzeleckiego \u2013 etap I\u201d.<\/p>\n\n\n\n<p>W ramach dotychczas zrealizowanych prac wykonano m.in.:<\/p>\n\n\n\n<p>\u2013 ca\u0142o\u015b\u0107 zaplanowanych rob\u00f3t rozbi\u00f3rkowych oraz prac zwi\u0105zanych z ociepleniem \u015bcian w gruncie,<\/p>\n\n\n\n<p>\u2013 cz\u0119\u015b\u0107 prac zwi\u0105zanych z dociepleniem \u015bcian zewn\u0119trznych, stropodach\u00f3w oraz stolarki okiennej i drzwiowej,<\/p>\n\n\n\n<p>\u2013 ok. 20 % prac zwi\u0105zanych z instalacj\u0105 elektryczn\u0105 oraz ponad 25% prac zwi\u0105zanych z instalacj\u0105 odgromow\u0105,<\/p>\n\n\n\n<p>Warto\u015b\u0107 odbieranej cz\u0119\u015bci rob\u00f3t wynosi 1&nbsp;341&nbsp;315,00 z\u0142 brutto.<\/p>\n\n\n\n<p>Warto\u015b\u0107 ca\u0142kowita umowy na roboty budowlane opiewa na kwot\u0119 6&nbsp;760&nbsp;080,00 z\u0142 brutto.<\/p>\n\n\n\n<p>Przedmiotem projektu jest wykonanie prac poprawiaj\u0105cych efektywno\u015b\u0107 energetyczn\u0105 oraz likwidacja barier architektonicznych budynku AP Zespo\u0142u Szk\u00f3\u0142 Zawodowych i Licealnych w Zgorzelcu.&nbsp; Prace obejm\u0105 m.in. docieplenie \u015bcian, strop\u00f3w i dach\u00f3w, wymian\u0119 stolarki okiennej i drzwiowej, modernizacj\u0119 systemu grzewczego, a tak\u017ce monta\u017c nowych, energooszcz\u0119dnych instalacji.<\/p>\n\n\n\n<p>G\u0142\u00f3wnym celem projektu jest zwi\u0119kszenie efektywno\u015bci energetycznej budynku AP Zespo\u0142u Szk\u00f3\u0142 Zawodowych i Licealnych w Zgorzelcu. Poza ograniczeniem strat energii, nast\u0105pi r\u00f3wnie\u017c poprawa komfortu u\u017cytkowania obiektu i jego dost\u0119pno\u015bci dla os\u00f3b ze szczeg\u00f3lnymi potrzebami.<\/p>\n\n\n\n<p>Cele szczeg\u00f3\u0142owe projektu.:<\/p>\n\n\n\n<p>\u2013 g\u0142\u0119boka kompleksowa modernizacja energetyczna budynku;<\/p>\n\n\n\n<p>\u2013 ograniczenie zu\u017cycia energii pierwotnej;<\/p>\n\n\n\n<p>&nbsp;\u2013 likwidacja barier architektonicznych.<\/p>\n\n\n\n<p>W ramach realizacji projektu przewiduje si\u0119 realizacj\u0119 nast\u0119puj\u0105cych zada\u0144:<\/p>\n\n\n\n<p>\u2013 Zadanie 1. Poprawa efektywno\u015bci energetycznej budynku AP Zespo\u0142u Szk\u00f3\u0142 Zawodowych i Licealnych w Zgorzelcu.<\/p>\n\n\n\n<p>\u2013 Zadanie 2. Prace remontowe budynku AP Zespo\u0142u Szk\u00f3\u0142 Zawodowych i Licealnych.<\/p>\n\n\n\n<p>\u2013 Zadanie 3. Poprawa dost\u0119pno\u015bci budynku AP Zespo\u0142u Szk\u00f3\u0142 Zawodowych i Licealnych.<\/p>\n\n\n\n<p>\u2013 Zadanie 4. Koszty po\u015brednie.<\/p>\n\n\n\n<p>Za\u0142o\u017cone cele projektu wzajemnie si\u0119 uzupe\u0142niaj\u0105, poniewa\u017c ich realizacja wsp\u00f3lnie bezpo\u015brednio prze\u0142o\u017cy si\u0119 na popraw\u0119 efektywno\u015bci energetycznej budynku \u2013 prace termomodernizacyjne poprawi\u0105 termoizolacj\u0119 budynku, co wp\u0142ynie korzystnie na oszcz\u0119dno\u015b\u0107 energii oraz zmniejszenie emisji zanieczyszcze\u0144. Likwidacja barier architektonicznych u\u0142atwi korzystanie z obiektu osobom<br>o szczeg\u00f3lnych potrzebach.<\/p>\n\n\n\n<p>Odbiorcami projektu s\u0105 uczniowie, pracownicy szko\u0142y oraz mieszka\u0144cy powiatu.<\/p>\n\n\n\n<p>Termin realizacji projektu: 02.01.2026 r. \u2013 01.10.2027 r.<\/p>\n\n\n\n<p>Ca\u0142kowita warto\u015b\u0107 projektu:&nbsp;7&nbsp;510&nbsp;272,26 PLN, wydatki kwalifikowalne: 5&nbsp;857&nbsp;140,00 PLN, dofinansowanie ze \u015brodk\u00f3w UE: 4&nbsp;099&nbsp;998,00 PLN, dofinansowanie ze \u015brodk\u00f3w bud\u017cetu pa\u0144stwa: 292&nbsp;857,00 PLN, wk\u0142ad w\u0142asny powiatu zgorzeleckiego 3&nbsp;117&nbsp;417,26 PLN.<\/p>\n\n\n\n<p>Projekt nr FEDS.02.01-IZ.00-0005\/25 jest dofinansowany ze \u015brodk\u00f3w Unii Europejskiej oraz ze \u015brodk\u00f3w bud\u017cetu pa\u0144stwa w ramach Priorytetu nr 2 \u201eFundusze Europejskie na rzecz \u015brodowiska na Dolnym \u015al\u0105sku\u201d, Dzia\u0142ania nr 2.8 \u201eEfektywno\u015b\u0107 energetyczna w budynkach publicznych \u2013 ZIT\u201d Programu Fundusze Europejskie dla Dolnego \u015al\u0105ska 2021\u20132027. <\/p>\n\n\n\n<figure class=\"wp-block-gallery has-nested-images columns-default is-cropped wp-block-gallery-1 is-layout-flex wp-block-gallery-is-layout-flex\">\n<figure class=\"wp-block-image size-large\"><img loading=\"lazy\" decoding=\"async\" width=\"1900\" height=\"1267\" data-id=\"9842\" src=\"https:\/\/zszil.pl\/wp-content\/uploads\/2026\/09\/DSC07394-scaled-1-1900x1267.jpg\" alt=\"\" class=\"wp-image-9842\" srcset=\"https:\/\/zszil.pl\/wp-content\/uploads\/2026\/09\/DSC07394-scaled-1-1900x1267.jpg 1900w, https:\/\/zszil.pl\/wp-content\/uploads\/2026\/09\/DSC07394-scaled-1-768x512.jpg 768w, https:\/\/zszil.pl\/wp-content\/uploads\/2026\/09\/DSC07394-scaled-1-1536x1024.jpg 1536w, https:\/\/zszil.pl\/wp-content\/uploads\/2026\/09\/DSC07394-scaled-1-2048x1366.jpg 2048w, https:\/\/zszil.pl\/wp-content\/uploads\/2026\/09\/DSC07394-scaled-1-360x240.jpg 360w\" sizes=\"auto, (max-width: 1900px) 100vw, 1900px\" \/><\/figure>\n\n\n\n<figure class=\"wp-block-image size-large\"><img loading=\"lazy\" decoding=\"async\" width=\"1900\" height=\"1267\" data-id=\"9843\" src=\"https:\/\/zszil.pl\/wp-content\/uploads\/2026\/09\/DSC07463-scaled-1-1900x1267.jpg\" alt=\"\" class=\"wp-image-9843\" srcset=\"https:\/\/zszil.pl\/wp-content\/uploads\/2026\/09\/DSC07463-scaled-1-1900x1267.jpg 1900w, https:\/\/zszil.pl\/wp-content\/uploads\/2026\/09\/DSC07463-scaled-1-768x512.jpg 768w, https:\/\/zszil.pl\/wp-content\/uploads\/2026\/09\/DSC07463-scaled-1-1536x1024.jpg 1536w, https:\/\/zszil.pl\/wp-content\/uploads\/2026\/09\/DSC07463-scaled-1-2048x1366.jpg 2048w, https:\/\/zszil.pl\/wp-content\/uploads\/2026\/09\/DSC07463-scaled-1-360x240.jpg 360w\" sizes=\"auto, (max-width: 1900px) 100vw, 1900px\" \/><\/figure>\n\n\n\n<figure class=\"wp-block-image size-large\"><img loading=\"lazy\" decoding=\"async\" width=\"1900\" height=\"1267\" data-id=\"9844\" src=\"https:\/\/zszil.pl\/wp-content\/uploads\/2026\/09\/DSC07472-scaled-1-1900x1267.jpg\" alt=\"\" class=\"wp-image-9844\" srcset=\"https:\/\/zszil.pl\/wp-content\/uploads\/2026\/09\/DSC07472-scaled-1-1900x1267.jpg 1900w, https:\/\/zszil.pl\/wp-content\/uploads\/2026\/09\/DSC07472-scaled-1-768x512.jpg 768w, https:\/\/zszil.pl\/wp-content\/uploads\/2026\/09\/DSC07472-scaled-1-1536x1024.jpg 1536w, https:\/\/zszil.pl\/wp-content\/uploads\/2026\/09\/DSC07472-scaled-1-2048x1366.jpg 2048w, https:\/\/zszil.pl\/wp-content\/uploads\/2026\/09\/DSC07472-scaled-1-360x240.jpg 360w\" sizes=\"auto, (max-width: 1900px) 100vw, 1900px\" \/><\/figure>\n\n\n\n<figure class=\"wp-block-image size-large\"><img loading=\"lazy\" decoding=\"async\" width=\"1900\" height=\"1404\" data-id=\"9845\" src=\"https:\/\/zszil.pl\/wp-content\/uploads\/2026\/09\/DSC07357-scaled-1-1900x1404.jpg\" alt=\"\" class=\"wp-image-9845\" srcset=\"https:\/\/zszil.pl\/wp-content\/uploads\/2026\/09\/DSC07357-scaled-1-1900x1404.jpg 1900w, https:\/\/zszil.pl\/wp-content\/uploads\/2026\/09\/DSC07357-scaled-1-768x568.jpg 768w, https:\/\/zszil.pl\/wp-content\/uploads\/2026\/09\/DSC07357-scaled-1-1536x1135.jpg 1536w, https:\/\/zszil.pl\/wp-content\/uploads\/2026\/09\/DSC07357-scaled-1-2048x1514.jpg 2048w, https:\/\/zszil.pl\/wp-content\/uploads\/2026\/09\/DSC07357-scaled-1-360x266.jpg 360w\" sizes=\"auto, (max-width: 1900px) 100vw, 1900px\" \/><\/figure>\n\n\n\n<figure class=\"wp-block-image size-large\"><img loading=\"lazy\" decoding=\"async\" width=\"1900\" height=\"1267\" data-id=\"9846\" src=\"https:\/\/zszil.pl\/wp-content\/uploads\/2026\/09\/DSC07393-scaled-1-1900x1267.jpg\" alt=\"\" class=\"wp-image-9846\" srcset=\"https:\/\/zszil.pl\/wp-content\/uploads\/2026\/09\/DSC07393-scaled-1-1900x1267.jpg 1900w, https:\/\/zszil.pl\/wp-content\/uploads\/2026\/09\/DSC07393-scaled-1-768x512.jpg 768w, https:\/\/zszil.pl\/wp-content\/uploads\/2026\/09\/DSC07393-scaled-1-1536x1024.jpg 1536w, https:\/\/zszil.pl\/wp-content\/uploads\/2026\/09\/DSC07393-scaled-1-2048x1366.jpg 2048w, https:\/\/zszil.pl\/wp-content\/uploads\/2026\/09\/DSC07393-scaled-1-360x240.jpg 360w\" sizes=\"auto, (max-width: 1900px) 100vw, 1900px\" \/><\/figure>\n<\/figure>\n\n\n\n<p>\u017cr\u00f3d\u0142o: <a href=\"https:\/\/powiatzgorzelecki.pl\/i-odbior-czesciowy-robot-budowlanych-w-ramach-projektu-pn-poprawa-efektywnosci-energetycznej-budynkow-oswiatowych-powiatu-zgorzeleckiego-etap-i\/\">https:\/\/powiatzgorzelecki.pl\/i-odbior-czesciowy-robot-budowlanych-w-ramach-projektu-pn-poprawa-efektywnosci-energetycznej-budynkow-oswiatowych-powiatu-zgorzeleckiego-etap-i\/<\/a><\/p>\n\n\n\n<p><\/p>\n","protected":false},"excerpt":{"rendered":"<p>Dnia 28 sierpnia 2026 roku dokonano odbioru cz\u0119\u015bciowego rob\u00f3t budowlanych w budynku AP Zespo\u0142u Szk\u00f3\u0142 Zawodowych i Licealnych w Zgorzelcu, realizowanych w ramach projektu pn.: \u201ePoprawa efektywno\u015bci energetycznej budynk\u00f3w o\u015bwiatowych Powiatu Zgorzeleckiego \u2013 etap I\u201d. W ramach dotychczas zrealizowanych prac&hellip; <a class=\"continue\" href=\"https:\/\/zszil.pl\/index.php\/2026\/09\/04\/i-odbior-czesciowy-robot-budowlanych-w-ramach-projektu-pn-poprawa-efektywnosci-energetycznej-budynkow-oswiatowych-powiatu-zgorzeleckiego-etap-i\/\">Continue Reading<span> I. Odbi\u00f3r cz\u0119\u015bciowy rob\u00f3t budowlanych w ramach projektu pn.: \u201ePoprawa efektywno\u015bci energetycznej budynk\u00f3w o\u015bwiatowych Powiatu Zgorzeleckiego \u2013 etap I\u201d<\/span><\/a><\/p>\n","protected":false},"author":10,"featured_media":0,"comment_status":"closed","ping_status":"open","sticky":false,"template":"","format":"standard","meta":{"footnotes":""},"categories":[1],"tags":[],"class_list":["post-9841","post","type-post","status-publish","format-standard","hentry","category-bez-kategorii"],"_links":{"self":[{"href":"https:\/\/zszil.pl\/index.php\/wp-json\/wp\/v2\/posts\/9841","targetHints":{"allow":["GET"]}}],"collection":[{"href":"https:\/\/zszil.pl\/index.php\/wp-json\/wp\/v2\/posts"}],"about":[{"href":"https:\/\/zszil.pl\/index.php\/wp-json\/wp\/v2\/types\/post"}],"author":[{"embeddable":true,"href":"https:\/\/zszil.pl\/index.php\/wp-json\/wp\/v2\/users\/10"}],"replies":[{"embeddable":true,"href":"https:\/\/zszil.pl\/index.php\/wp-json\/wp\/v2\/comments?post=9841"}],"version-history":[{"count":1,"href":"https:\/\/zszil.pl\/index.php\/wp-json\/wp\/v2\/posts\/9841\/revisions"}],"predecessor-version":[{"id":9847,"href":"https:\/\/zszil.pl\/index.php\/wp-json\/wp\/v2\/posts\/9841\/revisions\/9847"}],"wp:attachment":[{"href":"https:\/\/zszil.pl\/index.php\/wp-json\/wp\/v2\/media?parent=9841"}],"wp:term":[{"taxonomy":"category","embeddable":true,"href":"https:\/\/zszil.pl\/index.php\/wp-json\/wp\/v2\/categories?post=9841"},{"taxonomy":"post_tag","embeddable":true,"href":"https:\/\/zszil.pl\/index.php\/wp-json\/wp\/v2\/tags?post=9841"}],"curies":[{"name":"wp","href":"https:\/\/api.w.org\/{rel}","templated":true}]}}